{"id":74,"date":"2013-12-18T04:24:55","date_gmt":"2013-12-18T04:24:55","guid":{"rendered":"http:\/\/www.fmreconquista.org.ar\/losojosdereconquista\/?p=74"},"modified":"2013-12-18T06:49:04","modified_gmt":"2013-12-18T06:49:04","slug":"los-ojos-de-reconquista-la-pelicula","status":"publish","type":"post","link":"http:\/\/www.fmreconquista.org.ar\/losojosdereconquista\/?p=74","title":{"rendered":"Los Ojos de Reconquista (La Pel\u00edcula)"},"content":{"rendered":"<p>Los ojos de Reconquista es un proyecto art\u00edstico colectivo que relata desde diferentes medios de expresi\u00f3n (m\u00fasica, imagen, audiovisual) un recorte del proceso que viene construyendo el grupo de j\u00f3venes de la radio Comunitaria FM Reconquista. Con el objetivo de intentar, a trav\u00e9s del ejercicio del derecho a la comunicaci\u00f3n y a la participaci\u00f3n en la vida cultural de la comunidad, obrar por una vida m\u00e1s plena en sociedad, y por ende, de cada uno de sus miembros.<\/p>\n<p>Este video documenta desde nuestra perspectiva, las dificultades, los errores, los aciertos y alegr\u00edas que surgen de la participaci\u00f3n, en un proceso creativo y productivo en relaci\u00f3n al arte. A partir de un inter\u00e9s simplemente ligado al placer de crear una obra colectiva que deja en evidencia la posibilidad de que fuera de los intereses puramente comerciales y el \u201cmercado de la cultura\u201d, existen numerosas y diversas potencialidades art\u00edsticas que resisten y resurgen constantemente al margen de lo que los medios masivos de comunicaci\u00f3n y la hegemon\u00eda de la cultura reconocen. Por esto mismo, este proyecto se obstina en materializarse como registro de lo vivido, como dijo Rodolfo Walsh:<em> \u201cNuestras clases dominantes han procurado siempre que los trabajadores no tengan historia, no tengan doctrina, no tengan h\u00e9roes y m\u00e1rtires. Cada lucha debe empezar de nuevo, separada de las luchas anteriores: la experiencia colectiva se pierde, las lecciones se olvidan. La historia parece as\u00ed como propiedad privada cuyos due\u00f1os son los due\u00f1os de todas las otras cosas.\u201d<\/em><\/p>\n<p>Ser\u00e1 entonces esta pieza, una humilde pr\u00e1ctica que nos ayude a seguir creyendo que con compromiso colectivo y predominio de los intereses grupales sobre los intereses individuales, el arte ser\u00e1 un instrumento con el cual tambi\u00e9n podamos luchar <em>\u201cPor un mundo donde seamos socialmente iguales, humanamente diferentes y totalmente libres\u201d<\/em> (Rosa Luxemburgo)<\/p>\n<p>Los invitamos a recordar, o conocer y compartir esta humilde y preciada experiencia libremente!<\/p>\n<p><iframe loading=\"lazy\" src=\"\/\/www.youtube.com\/embed\/99e1UWdfkas?feature=player_detailpage\" height=\"360\" width=\"640\" allowfullscreen=\"\" frameborder=\"0\"><\/iframe><\/p>\n","protected":false},"excerpt":{"rendered":"<p>Los ojos de Reconquista es un proyecto art\u00edstico colectivo que relata desde diferentes medios de expresi\u00f3n (m\u00fasica, imagen, audiovisual) un recorte del proceso que viene construyendo el grupo de j\u00f3venes de la radio Comunitaria FM Reconquista. Con el objetivo de &hellip; <a href=\"http:\/\/www.fmreconquista.org.ar\/losojosdereconquista\/?p=74\">Sigue leyendo <span class=\"meta-nav\">&rarr;<\/span><\/a><\/p>\n","protected":false},"author":1,"featured_media":0,"comment_status":"open","ping_status":"open","sticky":false,"template":"","format":"standard","meta":{"footnotes":""},"categories":[1],"tags":[],"class_list":["post-74","post","type-post","status-publish","format-standard","hentry","category-sin-categoria"],"_links":{"self":[{"href":"http:\/\/www.fmreconquista.org.ar\/losojosdereconquista\/index.php?rest_route=\/wp\/v2\/posts\/74","targetHints":{"allow":["GET"]}}],"collection":[{"href":"http:\/\/www.fmreconquista.org.ar\/losojosdereconquista\/index.php?rest_route=\/wp\/v2\/posts"}],"about":[{"href":"http:\/\/www.fmreconquista.org.ar\/losojosdereconquista\/index.php?rest_route=\/wp\/v2\/types\/post"}],"author":[{"embeddable":true,"href":"http:\/\/www.fmreconquista.org.ar\/losojosdereconquista\/index.php?rest_route=\/wp\/v2\/users\/1"}],"replies":[{"embeddable":true,"href":"http:\/\/www.fmreconquista.org.ar\/losojosdereconquista\/index.php?rest_route=%2Fwp%2Fv2%2Fcomments&post=74"}],"version-history":[{"count":8,"href":"http:\/\/www.fmreconquista.org.ar\/losojosdereconquista\/index.php?rest_route=\/wp\/v2\/posts\/74\/revisions"}],"predecessor-version":[{"id":99,"href":"http:\/\/www.fmreconquista.org.ar\/losojosdereconquista\/index.php?rest_route=\/wp\/v2\/posts\/74\/revisions\/99"}],"wp:attachment":[{"href":"http:\/\/www.fmreconquista.org.ar\/losojosdereconquista\/index.php?rest_route=%2Fwp%2Fv2%2Fmedia&parent=74"}],"wp:term":[{"taxonomy":"category","embeddable":true,"href":"http:\/\/www.fmreconquista.org.ar\/losojosdereconquista\/index.php?rest_route=%2Fwp%2Fv2%2Fcategories&post=74"},{"taxonomy":"post_tag","embeddable":true,"href":"http:\/\/www.fmreconquista.org.ar\/losojosdereconquista\/index.php?rest_route=%2Fwp%2Fv2%2Ftags&post=74"}],"curies":[{"name":"wp","href":"https:\/\/api.w.org\/{rel}","templated":true}]}}